{"id":2292,"date":"2020-01-23T19:37:06","date_gmt":"2020-01-23T19:37:06","guid":{"rendered":"http:\/\/serenaclinic.com\/?p=2292"},"modified":"2020-01-23T19:37:12","modified_gmt":"2020-01-23T19:37:12","slug":"el-prof-leonardo-marini-y-el-dr-rafael-serena-imparten-el-nuovi-percorsi-in-dermatologia-e-medicina-estetica-en-milan","status":"publish","type":"post","link":"https:\/\/serenaclinic.com\/?p=2292","title":{"rendered":"El Prof. Leonardo Marini y el Dr. Rafael Serena imparten el Nuovi percorsi in Dermatologia e Medicina Estetica en Mil\u00e1n"},"content":{"rendered":"<div class=\"textintro\">El Prof. Leonardo Marini y el Dr. Rafael Serena imparten el Nuovi percorsi in Dermatologia e Medicina Estetica en Mil\u00e1n.<br \/>\nSe anuncia un nuevo equipo muy prometedor para el rejuvenecimiento facial en marzo de 2016.<\/div>\n<p>El Prof. Marini present\u00f3 la ponencia con el t\u00edtulo: Nuovi orizzonti grazie alla Short Pulse Technology e SWT\u00ae y el Dr. Serena present\u00f3 la ponencia con el t\u00edtulo: Aesthetic indications with Selective Waveband Technology\u00ae and combined techniques.<br \/>\nDurante el Curso se present\u00f3 por primera vez, a nivel mundial, la aparici\u00f3n de una nueva pieza de mano Laser Frax 1550 de la marca Ellipse para el rejuvenecimiento facial. Su aparici\u00f3n en el mercado, se calcula para el mes de marzo 2016.<\/p>\n","protected":false},"excerpt":{"rendered":"<p>El Dr. Rafael Serena participa como ponente en Congreso STS Beauty Barcelona 2016<\/p>\n","protected":false},"author":1,"featured_media":2293,"comment_status":"open","ping_status":"open","sticky":false,"template":"","format":"standard","meta":{"om_disable_all_campaigns":false,"_joinchat":[],"footnotes":""},"categories":[24],"tags":[],"class_list":["post-2292","post","type-post","status-publish","format-standard","has-post-thumbnail","hentry","category-media"],"_links":{"self":[{"href":"https:\/\/serenaclinic.com\/index.php?rest_route=\/wp\/v2\/posts\/2292","targetHints":{"allow":["GET"]}}],"collection":[{"href":"https:\/\/serenaclinic.com\/index.php?rest_route=\/wp\/v2\/posts"}],"about":[{"href":"https:\/\/serenaclinic.com\/index.php?rest_route=\/wp\/v2\/types\/post"}],"author":[{"embeddable":true,"href":"https:\/\/serenaclinic.com\/index.php?rest_route=\/wp\/v2\/users\/1"}],"replies":[{"embeddable":true,"href":"https:\/\/serenaclinic.com\/index.php?rest_route=%2Fwp%2Fv2%2Fcomments&post=2292"}],"version-history":[{"count":1,"href":"https:\/\/serenaclinic.com\/index.php?rest_route=\/wp\/v2\/posts\/2292\/revisions"}],"predecessor-version":[{"id":2297,"href":"https:\/\/serenaclinic.com\/index.php?rest_route=\/wp\/v2\/posts\/2292\/revisions\/2297"}],"wp:featuredmedia":[{"embeddable":true,"href":"https:\/\/serenaclinic.com\/index.php?rest_route=\/wp\/v2\/media\/2293"}],"wp:attachment":[{"href":"https:\/\/serenaclinic.com\/index.php?rest_route=%2Fwp%2Fv2%2Fmedia&parent=2292"}],"wp:term":[{"taxonomy":"category","embeddable":true,"href":"https:\/\/serenaclinic.com\/index.php?rest_route=%2Fwp%2Fv2%2Fcategories&post=2292"},{"taxonomy":"post_tag","embeddable":true,"href":"https:\/\/serenaclinic.com\/index.php?rest_route=%2Fwp%2Fv2%2Ftags&post=2292"}],"curies":[{"name":"wp","href":"https:\/\/api.w.org\/{rel}","templated":true}]}}